{"id":4756,"date":"2018-12-31T10:00:00","date_gmt":"2018-12-31T10:00:00","guid":{"rendered":"https:\/\/www.esplanade-sb.de\/?p=4756"},"modified":"2021-03-15T10:43:02","modified_gmt":"2021-03-15T10:43:02","slug":"gusto-auszeichnung-aufsteiger-des-jahres","status":"publish","type":"post","link":"https:\/\/www.esplanade-sb.de\/en\/gusto-auszeichnung-aufsteiger-des-jahres\/","title":{"rendered":"Gusto award: Up and coming chef of the year"},"content":{"rendered":"<div class=\"wp-block-columns is-layout-flex wp-container-core-columns-is-layout-28f84493 wp-block-columns-is-layout-flex\">\n<div class=\"wp-block-column erste-spalte is-layout-flow wp-block-column-is-layout-flow\">\n<figure class=\"wp-block-image size-large\"><img fetchpriority=\"high\" decoding=\"async\" width=\"1024\" height=\"683\" src=\"https:\/\/www.esplanade-sb.de\/wp-content\/uploads\/2021\/03\/hotel-esplanade-silio-del-fabro-anrichten-kueche-1024x683.jpg\" alt=\"\" class=\"wp-image-7204\" srcset=\"https:\/\/www.esplanade-sb.de\/wp-content\/uploads\/2021\/03\/hotel-esplanade-silio-del-fabro-anrichten-kueche-1024x683.jpg 1024w, https:\/\/www.esplanade-sb.de\/wp-content\/uploads\/2021\/03\/hotel-esplanade-silio-del-fabro-anrichten-kueche-300x200.jpg 300w, https:\/\/www.esplanade-sb.de\/wp-content\/uploads\/2021\/03\/hotel-esplanade-silio-del-fabro-anrichten-kueche-768x512.jpg 768w, https:\/\/www.esplanade-sb.de\/wp-content\/uploads\/2021\/03\/hotel-esplanade-silio-del-fabro-anrichten-kueche-1536x1025.jpg 1536w, https:\/\/www.esplanade-sb.de\/wp-content\/uploads\/2021\/03\/hotel-esplanade-silio-del-fabro-anrichten-kueche-2048x1366.jpg 2048w, https:\/\/www.esplanade-sb.de\/wp-content\/uploads\/2021\/03\/hotel-esplanade-silio-del-fabro-anrichten-kueche-16x12.jpg 16w, https:\/\/www.esplanade-sb.de\/wp-content\/uploads\/2021\/03\/hotel-esplanade-silio-del-fabro-anrichten-kueche-600x400.jpg 600w\" sizes=\"(max-width: 1024px) 100vw, 1024px\" \/><\/figure>\n\n\n\n<p>\u00a9 Oliver Raatz<\/p>\n\n\n\n<div style=\"height:40px\" aria-hidden=\"true\" class=\"wp-block-spacer\"><\/div>\n<\/div>\n\n\n\n<div class=\"wp-block-column zweite-spalte is-layout-flow wp-block-column-is-layout-flow\">\n<p><strong>The gastronomic guide Gusto has announced its latest awards:<br>Rising star of the year is Silio Del Fabro from the ESPLANADE restaurant in Saarbr\u00fccken<\/strong><\/p>\n\n\n\n<p>\"It has not happened very often that we have had to upgrade the cuisine of a restaurant by two rating levels within one year. Silio Del Fabro has achieved this feat as head chef of the Esplanade restaurant in Saarbr\u00fccken and is therefore a predestined up and coming chef of the year. Del Fabro and his highly motivated team cook at a remarkably high level, without any expensive luxury products, but with a great deal of sensitivity and attention to detail. The creations of Klaus Erfort's former sous-chef are quite elaborate, but never seem mannered. The aromas are complex and at the same time crystal clear, enormously expressive and yet highly subtle. On many of his plates, you are dealing with masterly, sophisticated flavour architecture, but the product is and always remains the star. In our current impression, Silio Del Fabro is even an up-and-comer with further upward potential!\"<\/p>\n<\/div>\n<\/div>\n\n\n\n<p><\/p>","protected":false},"excerpt":{"rendered":"<p>\u00a9 Oliver Raatz Der Gastro-Guide Gusto hat seine aktuellen Auszeichnungen bekannt gegeben:Aufsteiger des Jahres ist Silio Del Fabro aus dem Restaurant Esplanade in Saarbr\u00fccken \u201eEs kam bislang noch nicht allzu oft vor, dass wir die K\u00fcche eines Restaurants innerhalb eines Jahres gleich um zwei Bewertungsstufen nach oben korrigieren mussten. Silio Del Fabro hat als K\u00fcchenchef [&hellip;]<\/p>\n","protected":false},"author":2,"featured_media":7204,"comment_status":"open","ping_status":"open","sticky":false,"template":"","format":"standard","meta":{"footnotes":""},"categories":[78],"tags":[],"class_list":["post-4756","post","type-post","status-publish","format-standard","has-post-thumbnail","hentry","category-auszeichnungen"],"yoast_head":"<!-- This site is optimized with the Yoast SEO plugin v27.4 - https:\/\/yoast.com\/product\/yoast-seo-wordpress\/ -->\n<title>Gusto-Auszeichnung Aufsteiger des Jahres - ESPLANADE Saarbr\u00fccken<\/title>\n<meta name=\"description\" content=\"Chefkoch Silio Del Fabro aus der ESPLANADE Saabr\u00fccken erh\u00e4lt die Gusto-Auszeichnung &quot;Aufsteiger des Jahres&quot;.\" \/>\n<meta name=\"robots\" content=\"index, follow, max-snippet:-1, max-image-preview:large, max-video-preview:-1\" \/>\n<link rel=\"canonical\" href=\"https:\/\/www.esplanade-sb.de\/en\/gusto-auszeichnung-aufsteiger-des-jahres\/\" \/>\n<meta property=\"og:locale\" content=\"en_GB\" \/>\n<meta property=\"og:type\" content=\"article\" \/>\n<meta property=\"og:title\" content=\"Gusto-Auszeichnung Aufsteiger des Jahres - ESPLANADE Saarbr\u00fccken\" \/>\n<meta property=\"og:description\" content=\"Chefkoch Silio Del Fabro aus der ESPLANADE Saabr\u00fccken erh\u00e4lt die Gusto-Auszeichnung &quot;Aufsteiger des Jahres&quot;.\" \/>\n<meta property=\"og:url\" content=\"https:\/\/www.esplanade-sb.de\/en\/gusto-auszeichnung-aufsteiger-des-jahres\/\" \/>\n<meta property=\"og:site_name\" content=\"ESPLANADE Saarbr\u00fccken\" \/>\n<meta property=\"article:publisher\" content=\"https:\/\/www.facebook.com\/ESPLANADEsaarbruecken\" \/>\n<meta property=\"article:published_time\" content=\"2018-12-31T10:00:00+00:00\" \/>\n<meta property=\"article:modified_time\" content=\"2021-03-15T10:43:02+00:00\" \/>\n<meta property=\"og:image\" content=\"https:\/\/www.esplanade-sb.de\/wp-content\/uploads\/2021\/03\/hotel-esplanade-silio-del-fabro-anrichten-kueche.jpg\" \/>\n\t<meta property=\"og:image:width\" content=\"2500\" \/>\n\t<meta property=\"og:image:height\" content=\"1668\" \/>\n\t<meta property=\"og:image:type\" content=\"image\/jpeg\" \/>\n<meta name=\"author\" content=\"es-admin\" \/>\n<meta name=\"twitter:card\" content=\"summary_large_image\" \/>\n<meta name=\"twitter:label1\" content=\"Written by\" \/>\n\t<meta name=\"twitter:data1\" content=\"es-admin\" \/>\n\t<meta name=\"twitter:label2\" content=\"Est. reading time\" \/>\n\t<meta name=\"twitter:data2\" content=\"1 minute\" \/>\n<script type=\"application\/ld+json\" class=\"yoast-schema-graph\">{\"@context\":\"https:\\\/\\\/schema.org\",\"@graph\":[{\"@type\":\"Article\",\"@id\":\"https:\\\/\\\/www.esplanade-sb.de\\\/gusto-auszeichnung-aufsteiger-des-jahres\\\/#article\",\"isPartOf\":{\"@id\":\"https:\\\/\\\/www.esplanade-sb.de\\\/gusto-auszeichnung-aufsteiger-des-jahres\\\/\"},\"author\":{\"name\":\"es-admin\",\"@id\":\"https:\\\/\\\/www.esplanade-sb.de\\\/#\\\/schema\\\/person\\\/f0f94265fa542ee29cf8e288318211f2\"},\"headline\":\"Gusto-Auszeichnung Aufsteiger des Jahres\",\"datePublished\":\"2018-12-31T10:00:00+00:00\",\"dateModified\":\"2021-03-15T10:43:02+00:00\",\"mainEntityOfPage\":{\"@id\":\"https:\\\/\\\/www.esplanade-sb.de\\\/gusto-auszeichnung-aufsteiger-des-jahres\\\/\"},\"wordCount\":173,\"commentCount\":0,\"publisher\":{\"@id\":\"https:\\\/\\\/www.esplanade-sb.de\\\/#organization\"},\"image\":{\"@id\":\"https:\\\/\\\/www.esplanade-sb.de\\\/gusto-auszeichnung-aufsteiger-des-jahres\\\/#primaryimage\"},\"thumbnailUrl\":\"https:\\\/\\\/www.esplanade-sb.de\\\/wp-content\\\/uploads\\\/2021\\\/03\\\/hotel-esplanade-silio-del-fabro-anrichten-kueche.jpg\",\"articleSection\":[\"Auszeichnungen\"],\"inLanguage\":\"en-GB\",\"potentialAction\":[{\"@type\":\"CommentAction\",\"name\":\"Comment\",\"target\":[\"https:\\\/\\\/www.esplanade-sb.de\\\/gusto-auszeichnung-aufsteiger-des-jahres\\\/#respond\"]}]},{\"@type\":\"WebPage\",\"@id\":\"https:\\\/\\\/www.esplanade-sb.de\\\/gusto-auszeichnung-aufsteiger-des-jahres\\\/\",\"url\":\"https:\\\/\\\/www.esplanade-sb.de\\\/gusto-auszeichnung-aufsteiger-des-jahres\\\/\",\"name\":\"Gusto-Auszeichnung Aufsteiger des Jahres - ESPLANADE Saarbr\u00fccken\",\"isPartOf\":{\"@id\":\"https:\\\/\\\/www.esplanade-sb.de\\\/#website\"},\"primaryImageOfPage\":{\"@id\":\"https:\\\/\\\/www.esplanade-sb.de\\\/gusto-auszeichnung-aufsteiger-des-jahres\\\/#primaryimage\"},\"image\":{\"@id\":\"https:\\\/\\\/www.esplanade-sb.de\\\/gusto-auszeichnung-aufsteiger-des-jahres\\\/#primaryimage\"},\"thumbnailUrl\":\"https:\\\/\\\/www.esplanade-sb.de\\\/wp-content\\\/uploads\\\/2021\\\/03\\\/hotel-esplanade-silio-del-fabro-anrichten-kueche.jpg\",\"datePublished\":\"2018-12-31T10:00:00+00:00\",\"dateModified\":\"2021-03-15T10:43:02+00:00\",\"description\":\"Chefkoch Silio Del Fabro aus der ESPLANADE Saabr\u00fccken erh\u00e4lt die Gusto-Auszeichnung \\\"Aufsteiger des Jahres\\\".\",\"breadcrumb\":{\"@id\":\"https:\\\/\\\/www.esplanade-sb.de\\\/gusto-auszeichnung-aufsteiger-des-jahres\\\/#breadcrumb\"},\"inLanguage\":\"en-GB\",\"potentialAction\":[{\"@type\":\"ReadAction\",\"target\":[\"https:\\\/\\\/www.esplanade-sb.de\\\/gusto-auszeichnung-aufsteiger-des-jahres\\\/\"]}]},{\"@type\":\"ImageObject\",\"inLanguage\":\"en-GB\",\"@id\":\"https:\\\/\\\/www.esplanade-sb.de\\\/gusto-auszeichnung-aufsteiger-des-jahres\\\/#primaryimage\",\"url\":\"https:\\\/\\\/www.esplanade-sb.de\\\/wp-content\\\/uploads\\\/2021\\\/03\\\/hotel-esplanade-silio-del-fabro-anrichten-kueche.jpg\",\"contentUrl\":\"https:\\\/\\\/www.esplanade-sb.de\\\/wp-content\\\/uploads\\\/2021\\\/03\\\/hotel-esplanade-silio-del-fabro-anrichten-kueche.jpg\",\"width\":2500,\"height\":1668,\"caption\":\"Chefkoch Silio Del Fabro beim Anrichten in der Kueche des Restaurants\"},{\"@type\":\"BreadcrumbList\",\"@id\":\"https:\\\/\\\/www.esplanade-sb.de\\\/gusto-auszeichnung-aufsteiger-des-jahres\\\/#breadcrumb\",\"itemListElement\":[{\"@type\":\"ListItem\",\"position\":1,\"name\":\"Startseite\",\"item\":\"https:\\\/\\\/www.esplanade-sb.de\\\/\"},{\"@type\":\"ListItem\",\"position\":2,\"name\":\"Gusto-Auszeichnung Aufsteiger des Jahres\"}]},{\"@type\":\"WebSite\",\"@id\":\"https:\\\/\\\/www.esplanade-sb.de\\\/#website\",\"url\":\"https:\\\/\\\/www.esplanade-sb.de\\\/\",\"name\":\"ESPLANADE Saarbr\u00fccken\",\"description\":\"Boutique Hotel &amp; Zwei-Sterne-Restaurant\",\"publisher\":{\"@id\":\"https:\\\/\\\/www.esplanade-sb.de\\\/#organization\"},\"potentialAction\":[{\"@type\":\"SearchAction\",\"target\":{\"@type\":\"EntryPoint\",\"urlTemplate\":\"https:\\\/\\\/www.esplanade-sb.de\\\/?s={search_term_string}\"},\"query-input\":{\"@type\":\"PropertyValueSpecification\",\"valueRequired\":true,\"valueName\":\"search_term_string\"}}],\"inLanguage\":\"en-GB\"},{\"@type\":\"Organization\",\"@id\":\"https:\\\/\\\/www.esplanade-sb.de\\\/#organization\",\"name\":\"ESPLANADE Saarbr\u00fccken\",\"url\":\"https:\\\/\\\/www.esplanade-sb.de\\\/\",\"logo\":{\"@type\":\"ImageObject\",\"inLanguage\":\"en-GB\",\"@id\":\"https:\\\/\\\/www.esplanade-sb.de\\\/#\\\/schema\\\/logo\\\/image\\\/\",\"url\":\"https:\\\/\\\/www.esplanade-sb.de\\\/wp-content\\\/uploads\\\/2021\\\/10\\\/hotel-esplanade-logo-rgb-website.svg\",\"contentUrl\":\"https:\\\/\\\/www.esplanade-sb.de\\\/wp-content\\\/uploads\\\/2021\\\/10\\\/hotel-esplanade-logo-rgb-website.svg\",\"width\":599,\"height\":293,\"caption\":\"ESPLANADE Saarbr\u00fccken\"},\"image\":{\"@id\":\"https:\\\/\\\/www.esplanade-sb.de\\\/#\\\/schema\\\/logo\\\/image\\\/\"},\"sameAs\":[\"https:\\\/\\\/www.facebook.com\\\/ESPLANADEsaarbruecken\",\"https:\\\/\\\/www.instagram.com\\\/esplanade.sb\\\/\"]},{\"@type\":\"Person\",\"@id\":\"https:\\\/\\\/www.esplanade-sb.de\\\/#\\\/schema\\\/person\\\/f0f94265fa542ee29cf8e288318211f2\",\"name\":\"es-admin\",\"sameAs\":[\"https:\\\/\\\/www.esplanade-sb.de\"],\"url\":\"https:\\\/\\\/www.esplanade-sb.de\\\/en\\\/author\\\/es-admin\\\/\"}]}<\/script>\n<!-- \/ Yoast SEO plugin. -->","yoast_head_json":{"title":"Gusto-Auszeichnung Aufsteiger des Jahres - ESPLANADE Saarbr\u00fccken","description":"The ESPLANADE Saarbr\u00fccken's head chef Silio Del Fabro receives the Gusto award \"Up and coming chef of the year\".","robots":{"index":"index","follow":"follow","max-snippet":"max-snippet:-1","max-image-preview":"max-image-preview:large","max-video-preview":"max-video-preview:-1"},"canonical":"https:\/\/www.esplanade-sb.de\/en\/gusto-auszeichnung-aufsteiger-des-jahres\/","og_locale":"en_GB","og_type":"article","og_title":"Gusto-Auszeichnung Aufsteiger des Jahres - ESPLANADE Saarbr\u00fccken","og_description":"Chefkoch Silio Del Fabro aus der ESPLANADE Saabr\u00fccken erh\u00e4lt die Gusto-Auszeichnung \"Aufsteiger des Jahres\".","og_url":"https:\/\/www.esplanade-sb.de\/en\/gusto-auszeichnung-aufsteiger-des-jahres\/","og_site_name":"ESPLANADE Saarbr\u00fccken","article_publisher":"https:\/\/www.facebook.com\/ESPLANADEsaarbruecken","article_published_time":"2018-12-31T10:00:00+00:00","article_modified_time":"2021-03-15T10:43:02+00:00","og_image":[{"width":2500,"height":1668,"url":"https:\/\/www.esplanade-sb.de\/wp-content\/uploads\/2021\/03\/hotel-esplanade-silio-del-fabro-anrichten-kueche.jpg","type":"image\/jpeg"}],"author":"es-admin","twitter_card":"summary_large_image","twitter_misc":{"Written by":"es-admin","Est. reading time":"1 minute"},"schema":{"@context":"https:\/\/schema.org","@graph":[{"@type":"Article","@id":"https:\/\/www.esplanade-sb.de\/gusto-auszeichnung-aufsteiger-des-jahres\/#article","isPartOf":{"@id":"https:\/\/www.esplanade-sb.de\/gusto-auszeichnung-aufsteiger-des-jahres\/"},"author":{"name":"es-admin","@id":"https:\/\/www.esplanade-sb.de\/#\/schema\/person\/f0f94265fa542ee29cf8e288318211f2"},"headline":"Gusto-Auszeichnung Aufsteiger des Jahres","datePublished":"2018-12-31T10:00:00+00:00","dateModified":"2021-03-15T10:43:02+00:00","mainEntityOfPage":{"@id":"https:\/\/www.esplanade-sb.de\/gusto-auszeichnung-aufsteiger-des-jahres\/"},"wordCount":173,"commentCount":0,"publisher":{"@id":"https:\/\/www.esplanade-sb.de\/#organization"},"image":{"@id":"https:\/\/www.esplanade-sb.de\/gusto-auszeichnung-aufsteiger-des-jahres\/#primaryimage"},"thumbnailUrl":"https:\/\/www.esplanade-sb.de\/wp-content\/uploads\/2021\/03\/hotel-esplanade-silio-del-fabro-anrichten-kueche.jpg","articleSection":["Auszeichnungen"],"inLanguage":"en-GB","potentialAction":[{"@type":"CommentAction","name":"Comment","target":["https:\/\/www.esplanade-sb.de\/gusto-auszeichnung-aufsteiger-des-jahres\/#respond"]}]},{"@type":"WebPage","@id":"https:\/\/www.esplanade-sb.de\/gusto-auszeichnung-aufsteiger-des-jahres\/","url":"https:\/\/www.esplanade-sb.de\/gusto-auszeichnung-aufsteiger-des-jahres\/","name":"Gusto-Auszeichnung Aufsteiger des Jahres - ESPLANADE Saarbr\u00fccken","isPartOf":{"@id":"https:\/\/www.esplanade-sb.de\/#website"},"primaryImageOfPage":{"@id":"https:\/\/www.esplanade-sb.de\/gusto-auszeichnung-aufsteiger-des-jahres\/#primaryimage"},"image":{"@id":"https:\/\/www.esplanade-sb.de\/gusto-auszeichnung-aufsteiger-des-jahres\/#primaryimage"},"thumbnailUrl":"https:\/\/www.esplanade-sb.de\/wp-content\/uploads\/2021\/03\/hotel-esplanade-silio-del-fabro-anrichten-kueche.jpg","datePublished":"2018-12-31T10:00:00+00:00","dateModified":"2021-03-15T10:43:02+00:00","description":"The ESPLANADE Saarbr\u00fccken's head chef Silio Del Fabro receives the Gusto award \"Up and coming chef of the year\".","breadcrumb":{"@id":"https:\/\/www.esplanade-sb.de\/gusto-auszeichnung-aufsteiger-des-jahres\/#breadcrumb"},"inLanguage":"en-GB","potentialAction":[{"@type":"ReadAction","target":["https:\/\/www.esplanade-sb.de\/gusto-auszeichnung-aufsteiger-des-jahres\/"]}]},{"@type":"ImageObject","inLanguage":"en-GB","@id":"https:\/\/www.esplanade-sb.de\/gusto-auszeichnung-aufsteiger-des-jahres\/#primaryimage","url":"https:\/\/www.esplanade-sb.de\/wp-content\/uploads\/2021\/03\/hotel-esplanade-silio-del-fabro-anrichten-kueche.jpg","contentUrl":"https:\/\/www.esplanade-sb.de\/wp-content\/uploads\/2021\/03\/hotel-esplanade-silio-del-fabro-anrichten-kueche.jpg","width":2500,"height":1668,"caption":"Chefkoch Silio Del Fabro beim Anrichten in der Kueche des Restaurants"},{"@type":"BreadcrumbList","@id":"https:\/\/www.esplanade-sb.de\/gusto-auszeichnung-aufsteiger-des-jahres\/#breadcrumb","itemListElement":[{"@type":"ListItem","position":1,"name":"Startseite","item":"https:\/\/www.esplanade-sb.de\/"},{"@type":"ListItem","position":2,"name":"Gusto-Auszeichnung Aufsteiger des Jahres"}]},{"@type":"WebSite","@id":"https:\/\/www.esplanade-sb.de\/#website","url":"https:\/\/www.esplanade-sb.de\/","name":"ESPLANADE Saarbr\u00fccken","description":"Boutique Hotel &amp; Zwei-Sterne-Restaurant","publisher":{"@id":"https:\/\/www.esplanade-sb.de\/#organization"},"potentialAction":[{"@type":"SearchAction","target":{"@type":"EntryPoint","urlTemplate":"https:\/\/www.esplanade-sb.de\/?s={search_term_string}"},"query-input":{"@type":"PropertyValueSpecification","valueRequired":true,"valueName":"search_term_string"}}],"inLanguage":"en-GB"},{"@type":"Organization","@id":"https:\/\/www.esplanade-sb.de\/#organization","name":"ESPLANADE Saarbr\u00fccken","url":"https:\/\/www.esplanade-sb.de\/","logo":{"@type":"ImageObject","inLanguage":"en-GB","@id":"https:\/\/www.esplanade-sb.de\/#\/schema\/logo\/image\/","url":"https:\/\/www.esplanade-sb.de\/wp-content\/uploads\/2021\/10\/hotel-esplanade-logo-rgb-website.svg","contentUrl":"https:\/\/www.esplanade-sb.de\/wp-content\/uploads\/2021\/10\/hotel-esplanade-logo-rgb-website.svg","width":599,"height":293,"caption":"ESPLANADE Saarbr\u00fccken"},"image":{"@id":"https:\/\/www.esplanade-sb.de\/#\/schema\/logo\/image\/"},"sameAs":["https:\/\/www.facebook.com\/ESPLANADEsaarbruecken","https:\/\/www.instagram.com\/esplanade.sb\/"]},{"@type":"Person","@id":"https:\/\/www.esplanade-sb.de\/#\/schema\/person\/f0f94265fa542ee29cf8e288318211f2","name":"es-admin","sameAs":["https:\/\/www.esplanade-sb.de"],"url":"https:\/\/www.esplanade-sb.de\/en\/author\/es-admin\/"}]}},"_links":{"self":[{"href":"https:\/\/www.esplanade-sb.de\/en\/wp-json\/wp\/v2\/posts\/4756","targetHints":{"allow":["GET"]}}],"collection":[{"href":"https:\/\/www.esplanade-sb.de\/en\/wp-json\/wp\/v2\/posts"}],"about":[{"href":"https:\/\/www.esplanade-sb.de\/en\/wp-json\/wp\/v2\/types\/post"}],"author":[{"embeddable":true,"href":"https:\/\/www.esplanade-sb.de\/en\/wp-json\/wp\/v2\/users\/2"}],"replies":[{"embeddable":true,"href":"https:\/\/www.esplanade-sb.de\/en\/wp-json\/wp\/v2\/comments?post=4756"}],"version-history":[{"count":14,"href":"https:\/\/www.esplanade-sb.de\/en\/wp-json\/wp\/v2\/posts\/4756\/revisions"}],"predecessor-version":[{"id":7234,"href":"https:\/\/www.esplanade-sb.de\/en\/wp-json\/wp\/v2\/posts\/4756\/revisions\/7234"}],"wp:featuredmedia":[{"embeddable":true,"href":"https:\/\/www.esplanade-sb.de\/en\/wp-json\/wp\/v2\/media\/7204"}],"wp:attachment":[{"href":"https:\/\/www.esplanade-sb.de\/en\/wp-json\/wp\/v2\/media?parent=4756"}],"wp:term":[{"taxonomy":"category","embeddable":true,"href":"https:\/\/www.esplanade-sb.de\/en\/wp-json\/wp\/v2\/categories?post=4756"},{"taxonomy":"post_tag","embeddable":true,"href":"https:\/\/www.esplanade-sb.de\/en\/wp-json\/wp\/v2\/tags?post=4756"}],"curies":[{"name":"wp","href":"https:\/\/api.w.org\/{rel}","templated":true}]}}