{"id":20315,"date":"2026-02-23T12:20:22","date_gmt":"2026-02-23T12:20:22","guid":{"rendered":"https:\/\/www.esplanade-sb.de\/?p=20315"},"modified":"2026-02-23T12:26:07","modified_gmt":"2026-02-23T12:26:07","slug":"artikel-von-carsten-k-rath-2","status":"publish","type":"post","link":"https:\/\/www.esplanade-sb.de\/en\/artikel-von-carsten-k-rath-2\/","title":{"rendered":"<a href=\"https:\/\/www.capital.de\/leben\/-esplanade-saarbruecken---dieses-hotel-bricht-die-regeln--37075736.html\">Artikel von Carsten K. Rath<\/>"},"content":{"rendered":"<div data-elementor-type=\"wp-post\" data-elementor-id=\"20315\" class=\"elementor elementor-20315\" data-elementor-post-type=\"post\">\n\t\t\t\t\t\t<section class=\"elementor-section elementor-top-section elementor-element elementor-element-49d0a46d elementor-section-boxed elementor-section-height-default elementor-section-height-default\" data-id=\"49d0a46d\" data-element_type=\"section\" data-e-type=\"section\">\n\t\t\t\t\t\t<div class=\"elementor-container elementor-column-gap-default\">\n\t\t\t\t\t<div class=\"elementor-column elementor-col-100 elementor-top-column elementor-element elementor-element-565947b5\" data-id=\"565947b5\" data-element_type=\"column\" data-e-type=\"column\">\n\t\t\t<div class=\"elementor-widget-wrap elementor-element-populated\">\n\t\t\t\t\t\t<div class=\"elementor-element elementor-element-f23a28d elementor-widget elementor-widget-text-editor\" data-id=\"f23a28d\" data-element_type=\"widget\" data-e-type=\"widget\" data-widget_type=\"text-editor.default\">\n\t\t\t\t<div class=\"elementor-widget-container\">\n\t\t\t\t\t\t\t\t\t\n<div class=\"wp-block-media-text alignwide is-stacked-on-mobile is-vertically-aligned-top\">\n<figure class=\"wp-block-media-text__media\"><img fetchpriority=\"high\" decoding=\"async\" class=\"alignnone size-medium wp-image-18473\" src=\"https:\/\/www.esplanade-sb.de\/wp-content\/uploads\/2025\/06\/hotel-esplanade-chef-silio-del-fabro-portrait-300x200.jpg\" alt=\"\" width=\"300\" height=\"200\" srcset=\"https:\/\/www.esplanade-sb.de\/wp-content\/uploads\/2025\/06\/hotel-esplanade-chef-silio-del-fabro-portrait-300x200.jpg 300w, https:\/\/www.esplanade-sb.de\/wp-content\/uploads\/2025\/06\/hotel-esplanade-chef-silio-del-fabro-portrait-1024x684.jpg 1024w, https:\/\/www.esplanade-sb.de\/wp-content\/uploads\/2025\/06\/hotel-esplanade-chef-silio-del-fabro-portrait-768x513.jpg 768w, https:\/\/www.esplanade-sb.de\/wp-content\/uploads\/2025\/06\/hotel-esplanade-chef-silio-del-fabro-portrait-1536x1026.jpg 1536w, https:\/\/www.esplanade-sb.de\/wp-content\/uploads\/2025\/06\/hotel-esplanade-chef-silio-del-fabro-portrait-2048x1368.jpg 2048w, https:\/\/www.esplanade-sb.de\/wp-content\/uploads\/2025\/06\/hotel-esplanade-chef-silio-del-fabro-portrait-18x12.jpg 18w\" sizes=\"(max-width: 300px) 100vw, 300px\" \/><\/figure>\n<div class=\"wp-block-media-text__content\">\n<p>\u00a0<\/p>\n\n<p>Gusto: \u201eEs klingt fast paradox, aber mit seiner ma\u00dfvoll modernisierten, klassisch franz\u00f6sisch orientierten K\u00fcche setzt sich unser einstmaliger \u201eAufsteiger des Jahres\u201c, den wir in diesem Jahr voller Begeisterung zu unserem \u201eKoch des Jahres\u201c auszeichnen d\u00fcrfen, mittlerweile sehr wohltuend vom Fine-Dining-Mainstream ab. Silio Del Fabros besondere St\u00e4rke ist es, kraftvoll zupackende klassische Geschmacksbilder extrem fein gezeichnet und elegant aufs Porzellan zu bringen, ohne sie dadurch zu verf\u00e4lschen oder krampfhaft kreativ aufzumotzen. So kommt man fast immer zu dem Schluss, dass man diese Gerichte zwar durchaus anders, aber nur schwerlich besser machen kann. Mit immer mehr Pr\u00e4zision, Feinschliff, Substanz und Produktversessenheit hat sich Del Fabro sukzessive bis an die Spitze der deutschen Gastro-Kulinarik emporgekocht\u201c&#8230;<\/p>\n<p><a href=\"https:\/\/www.gusto-online.de\/news\/2025_09_16_gusto-auszeichnungen-2026\/\" target=\"_blank\" rel=\"noopener\">Zum Artikel<\/a><\/p>\n<\/div>\n<\/div>\n\t\t\t\t\t\t\t\t<\/div>\n\t\t\t\t<\/div>\n\t\t\t\t\t<\/div>\n\t\t<\/div>\n\t\t\t\t\t<\/div>\n\t\t<\/section>\n\t\t\t\t<\/div>","protected":false},"excerpt":{"rendered":"<p>View<\/p>","protected":false},"author":2,"featured_media":0,"comment_status":"open","ping_status":"open","sticky":false,"template":"","format":"standard","meta":{"footnotes":""},"categories":[78],"tags":[],"class_list":["post-20315","post","type-post","status-publish","format-standard","hentry","category-auszeichnungen"],"yoast_head":"<!-- This site is optimized with the Yoast SEO plugin v27.4 - https:\/\/yoast.com\/product\/yoast-seo-wordpress\/ -->\n<title>Artikel von Carsten K. Rath - ESPLANADE Saarbr\u00fccken<\/title>\n<meta name=\"description\" content=\"Die 101 Besten: ESPLANADE ausgezeichnet mit Platz 4 in der Kategorie \u201eLuxury Culinary Hotels\u201c Deutschlands 2026.\" \/>\n<meta name=\"robots\" content=\"index, follow, max-snippet:-1, max-image-preview:large, max-video-preview:-1\" \/>\n<link rel=\"canonical\" href=\"https:\/\/www.esplanade-sb.de\/en\/artikel-von-carsten-k-rath-2\/\" \/>\n<meta property=\"og:locale\" content=\"en_GB\" \/>\n<meta property=\"og:type\" content=\"article\" \/>\n<meta property=\"og:title\" content=\"Artikel von Carsten K. Rath - ESPLANADE Saarbr\u00fccken\" \/>\n<meta property=\"og:description\" content=\"Die 101 Besten: ESPLANADE ausgezeichnet mit Platz 4 in der Kategorie \u201eLuxury Culinary Hotels\u201c Deutschlands 2026.\" \/>\n<meta property=\"og:url\" content=\"https:\/\/www.esplanade-sb.de\/en\/artikel-von-carsten-k-rath-2\/\" \/>\n<meta property=\"og:site_name\" content=\"ESPLANADE Saarbr\u00fccken\" \/>\n<meta property=\"article:publisher\" content=\"https:\/\/www.facebook.com\/ESPLANADEsaarbruecken\" \/>\n<meta property=\"article:published_time\" content=\"2026-02-23T12:20:22+00:00\" \/>\n<meta property=\"article:modified_time\" content=\"2026-02-23T12:26:07+00:00\" \/>\n<meta property=\"og:image\" content=\"https:\/\/www.esplanade-sb.de\/wp-content\/uploads\/2026\/02\/ESPLANADE_Saarbruecken_Aussenansicht_mit_Logo-3-scaled.jpg\" \/>\n\t<meta property=\"og:image:width\" content=\"2560\" \/>\n\t<meta property=\"og:image:height\" content=\"1707\" \/>\n\t<meta property=\"og:image:type\" content=\"image\/jpeg\" \/>\n<meta name=\"author\" content=\"es-admin\" \/>\n<meta name=\"twitter:card\" content=\"summary_large_image\" \/>\n<meta name=\"twitter:label1\" content=\"Written by\" \/>\n\t<meta name=\"twitter:data1\" content=\"es-admin\" \/>\n\t<meta name=\"twitter:label2\" content=\"Est. reading time\" \/>\n\t<meta name=\"twitter:data2\" content=\"1 minute\" \/>\n<script type=\"application\/ld+json\" class=\"yoast-schema-graph\">{\"@context\":\"https:\\\/\\\/schema.org\",\"@graph\":[{\"@type\":\"Article\",\"@id\":\"https:\\\/\\\/www.esplanade-sb.de\\\/artikel-von-carsten-k-rath-2\\\/#article\",\"isPartOf\":{\"@id\":\"https:\\\/\\\/www.esplanade-sb.de\\\/artikel-von-carsten-k-rath-2\\\/\"},\"author\":{\"name\":\"es-admin\",\"@id\":\"https:\\\/\\\/www.esplanade-sb.de\\\/#\\\/schema\\\/person\\\/f0f94265fa542ee29cf8e288318211f2\"},\"headline\":\"Artikel von Carsten K. Rath\",\"datePublished\":\"2026-02-23T12:20:22+00:00\",\"dateModified\":\"2026-02-23T12:26:07+00:00\",\"mainEntityOfPage\":{\"@id\":\"https:\\\/\\\/www.esplanade-sb.de\\\/artikel-von-carsten-k-rath-2\\\/\"},\"wordCount\":6,\"commentCount\":0,\"publisher\":{\"@id\":\"https:\\\/\\\/www.esplanade-sb.de\\\/#organization\"},\"image\":{\"@id\":\"https:\\\/\\\/www.esplanade-sb.de\\\/artikel-von-carsten-k-rath-2\\\/#primaryimage\"},\"thumbnailUrl\":\"https:\\\/\\\/www.esplanade-sb.de\\\/wp-content\\\/uploads\\\/2026\\\/02\\\/ESPLANADE_Saarbruecken_Aussenansicht_mit_Logo-3-1024x683.jpg\",\"articleSection\":[\"Auszeichnungen\"],\"inLanguage\":\"en-GB\",\"potentialAction\":[{\"@type\":\"CommentAction\",\"name\":\"Comment\",\"target\":[\"https:\\\/\\\/www.esplanade-sb.de\\\/artikel-von-carsten-k-rath-2\\\/#respond\"]}]},{\"@type\":\"WebPage\",\"@id\":\"https:\\\/\\\/www.esplanade-sb.de\\\/artikel-von-carsten-k-rath-2\\\/\",\"url\":\"https:\\\/\\\/www.esplanade-sb.de\\\/artikel-von-carsten-k-rath-2\\\/\",\"name\":\"Artikel von Carsten K. Rath - ESPLANADE Saarbr\u00fccken\",\"isPartOf\":{\"@id\":\"https:\\\/\\\/www.esplanade-sb.de\\\/#website\"},\"primaryImageOfPage\":{\"@id\":\"https:\\\/\\\/www.esplanade-sb.de\\\/artikel-von-carsten-k-rath-2\\\/#primaryimage\"},\"image\":{\"@id\":\"https:\\\/\\\/www.esplanade-sb.de\\\/artikel-von-carsten-k-rath-2\\\/#primaryimage\"},\"thumbnailUrl\":\"https:\\\/\\\/www.esplanade-sb.de\\\/wp-content\\\/uploads\\\/2026\\\/02\\\/ESPLANADE_Saarbruecken_Aussenansicht_mit_Logo-3-1024x683.jpg\",\"datePublished\":\"2026-02-23T12:20:22+00:00\",\"dateModified\":\"2026-02-23T12:26:07+00:00\",\"description\":\"Die 101 Besten: ESPLANADE ausgezeichnet mit Platz 4 in der Kategorie \u201eLuxury Culinary Hotels\u201c Deutschlands 2026.\",\"breadcrumb\":{\"@id\":\"https:\\\/\\\/www.esplanade-sb.de\\\/artikel-von-carsten-k-rath-2\\\/#breadcrumb\"},\"inLanguage\":\"en-GB\",\"potentialAction\":[{\"@type\":\"ReadAction\",\"target\":[\"https:\\\/\\\/www.esplanade-sb.de\\\/artikel-von-carsten-k-rath-2\\\/\"]}]},{\"@type\":\"ImageObject\",\"inLanguage\":\"en-GB\",\"@id\":\"https:\\\/\\\/www.esplanade-sb.de\\\/artikel-von-carsten-k-rath-2\\\/#primaryimage\",\"url\":\"https:\\\/\\\/www.esplanade-sb.de\\\/wp-content\\\/uploads\\\/2026\\\/02\\\/ESPLANADE_Saarbruecken_Aussenansicht_mit_Logo-3-1024x683.jpg\",\"contentUrl\":\"https:\\\/\\\/www.esplanade-sb.de\\\/wp-content\\\/uploads\\\/2026\\\/02\\\/ESPLANADE_Saarbruecken_Aussenansicht_mit_Logo-3-1024x683.jpg\"},{\"@type\":\"BreadcrumbList\",\"@id\":\"https:\\\/\\\/www.esplanade-sb.de\\\/artikel-von-carsten-k-rath-2\\\/#breadcrumb\",\"itemListElement\":[{\"@type\":\"ListItem\",\"position\":1,\"name\":\"Startseite\",\"item\":\"https:\\\/\\\/www.esplanade-sb.de\\\/\"},{\"@type\":\"ListItem\",\"position\":2,\"name\":\"Artikel von Carsten K. Rath\"}]},{\"@type\":\"WebSite\",\"@id\":\"https:\\\/\\\/www.esplanade-sb.de\\\/#website\",\"url\":\"https:\\\/\\\/www.esplanade-sb.de\\\/\",\"name\":\"ESPLANADE Saarbr\u00fccken\",\"description\":\"Boutique Hotel &amp; Zwei-Sterne-Restaurant\",\"publisher\":{\"@id\":\"https:\\\/\\\/www.esplanade-sb.de\\\/#organization\"},\"potentialAction\":[{\"@type\":\"SearchAction\",\"target\":{\"@type\":\"EntryPoint\",\"urlTemplate\":\"https:\\\/\\\/www.esplanade-sb.de\\\/?s={search_term_string}\"},\"query-input\":{\"@type\":\"PropertyValueSpecification\",\"valueRequired\":true,\"valueName\":\"search_term_string\"}}],\"inLanguage\":\"en-GB\"},{\"@type\":\"Organization\",\"@id\":\"https:\\\/\\\/www.esplanade-sb.de\\\/#organization\",\"name\":\"ESPLANADE Saarbr\u00fccken\",\"url\":\"https:\\\/\\\/www.esplanade-sb.de\\\/\",\"logo\":{\"@type\":\"ImageObject\",\"inLanguage\":\"en-GB\",\"@id\":\"https:\\\/\\\/www.esplanade-sb.de\\\/#\\\/schema\\\/logo\\\/image\\\/\",\"url\":\"https:\\\/\\\/www.esplanade-sb.de\\\/wp-content\\\/uploads\\\/2021\\\/10\\\/hotel-esplanade-logo-rgb-website.svg\",\"contentUrl\":\"https:\\\/\\\/www.esplanade-sb.de\\\/wp-content\\\/uploads\\\/2021\\\/10\\\/hotel-esplanade-logo-rgb-website.svg\",\"width\":599,\"height\":293,\"caption\":\"ESPLANADE Saarbr\u00fccken\"},\"image\":{\"@id\":\"https:\\\/\\\/www.esplanade-sb.de\\\/#\\\/schema\\\/logo\\\/image\\\/\"},\"sameAs\":[\"https:\\\/\\\/www.facebook.com\\\/ESPLANADEsaarbruecken\",\"https:\\\/\\\/www.instagram.com\\\/esplanade.sb\\\/\"]},{\"@type\":\"Person\",\"@id\":\"https:\\\/\\\/www.esplanade-sb.de\\\/#\\\/schema\\\/person\\\/f0f94265fa542ee29cf8e288318211f2\",\"name\":\"es-admin\",\"sameAs\":[\"https:\\\/\\\/www.esplanade-sb.de\"],\"url\":\"https:\\\/\\\/www.esplanade-sb.de\\\/en\\\/author\\\/es-admin\\\/\"}]}<\/script>\n<!-- \/ Yoast SEO plugin. -->","yoast_head_json":{"title":"Artikel von Carsten K. Rath - ESPLANADE Saarbr\u00fccken","description":"Die 101 Besten: ESPLANADE ausgezeichnet mit Platz 4 in der Kategorie \u201eLuxury Culinary Hotels\u201c Deutschlands 2026.","robots":{"index":"index","follow":"follow","max-snippet":"max-snippet:-1","max-image-preview":"max-image-preview:large","max-video-preview":"max-video-preview:-1"},"canonical":"https:\/\/www.esplanade-sb.de\/en\/artikel-von-carsten-k-rath-2\/","og_locale":"en_GB","og_type":"article","og_title":"Artikel von Carsten K. Rath - ESPLANADE Saarbr\u00fccken","og_description":"Die 101 Besten: ESPLANADE ausgezeichnet mit Platz 4 in der Kategorie \u201eLuxury Culinary Hotels\u201c Deutschlands 2026.","og_url":"https:\/\/www.esplanade-sb.de\/en\/artikel-von-carsten-k-rath-2\/","og_site_name":"ESPLANADE Saarbr\u00fccken","article_publisher":"https:\/\/www.facebook.com\/ESPLANADEsaarbruecken","article_published_time":"2026-02-23T12:20:22+00:00","article_modified_time":"2026-02-23T12:26:07+00:00","og_image":[{"width":2560,"height":1707,"url":"https:\/\/www.esplanade-sb.de\/wp-content\/uploads\/2026\/02\/ESPLANADE_Saarbruecken_Aussenansicht_mit_Logo-3-scaled.jpg","type":"image\/jpeg"}],"author":"es-admin","twitter_card":"summary_large_image","twitter_misc":{"Written by":"es-admin","Est. reading time":"1 minute"},"schema":{"@context":"https:\/\/schema.org","@graph":[{"@type":"Article","@id":"https:\/\/www.esplanade-sb.de\/artikel-von-carsten-k-rath-2\/#article","isPartOf":{"@id":"https:\/\/www.esplanade-sb.de\/artikel-von-carsten-k-rath-2\/"},"author":{"name":"es-admin","@id":"https:\/\/www.esplanade-sb.de\/#\/schema\/person\/f0f94265fa542ee29cf8e288318211f2"},"headline":"Artikel von Carsten K. Rath","datePublished":"2026-02-23T12:20:22+00:00","dateModified":"2026-02-23T12:26:07+00:00","mainEntityOfPage":{"@id":"https:\/\/www.esplanade-sb.de\/artikel-von-carsten-k-rath-2\/"},"wordCount":6,"commentCount":0,"publisher":{"@id":"https:\/\/www.esplanade-sb.de\/#organization"},"image":{"@id":"https:\/\/www.esplanade-sb.de\/artikel-von-carsten-k-rath-2\/#primaryimage"},"thumbnailUrl":"https:\/\/www.esplanade-sb.de\/wp-content\/uploads\/2026\/02\/ESPLANADE_Saarbruecken_Aussenansicht_mit_Logo-3-1024x683.jpg","articleSection":["Auszeichnungen"],"inLanguage":"en-GB","potentialAction":[{"@type":"CommentAction","name":"Comment","target":["https:\/\/www.esplanade-sb.de\/artikel-von-carsten-k-rath-2\/#respond"]}]},{"@type":"WebPage","@id":"https:\/\/www.esplanade-sb.de\/artikel-von-carsten-k-rath-2\/","url":"https:\/\/www.esplanade-sb.de\/artikel-von-carsten-k-rath-2\/","name":"Artikel von Carsten K. Rath - ESPLANADE Saarbr\u00fccken","isPartOf":{"@id":"https:\/\/www.esplanade-sb.de\/#website"},"primaryImageOfPage":{"@id":"https:\/\/www.esplanade-sb.de\/artikel-von-carsten-k-rath-2\/#primaryimage"},"image":{"@id":"https:\/\/www.esplanade-sb.de\/artikel-von-carsten-k-rath-2\/#primaryimage"},"thumbnailUrl":"https:\/\/www.esplanade-sb.de\/wp-content\/uploads\/2026\/02\/ESPLANADE_Saarbruecken_Aussenansicht_mit_Logo-3-1024x683.jpg","datePublished":"2026-02-23T12:20:22+00:00","dateModified":"2026-02-23T12:26:07+00:00","description":"Die 101 Besten: ESPLANADE ausgezeichnet mit Platz 4 in der Kategorie \u201eLuxury Culinary Hotels\u201c Deutschlands 2026.","breadcrumb":{"@id":"https:\/\/www.esplanade-sb.de\/artikel-von-carsten-k-rath-2\/#breadcrumb"},"inLanguage":"en-GB","potentialAction":[{"@type":"ReadAction","target":["https:\/\/www.esplanade-sb.de\/artikel-von-carsten-k-rath-2\/"]}]},{"@type":"ImageObject","inLanguage":"en-GB","@id":"https:\/\/www.esplanade-sb.de\/artikel-von-carsten-k-rath-2\/#primaryimage","url":"https:\/\/www.esplanade-sb.de\/wp-content\/uploads\/2026\/02\/ESPLANADE_Saarbruecken_Aussenansicht_mit_Logo-3-1024x683.jpg","contentUrl":"https:\/\/www.esplanade-sb.de\/wp-content\/uploads\/2026\/02\/ESPLANADE_Saarbruecken_Aussenansicht_mit_Logo-3-1024x683.jpg"},{"@type":"BreadcrumbList","@id":"https:\/\/www.esplanade-sb.de\/artikel-von-carsten-k-rath-2\/#breadcrumb","itemListElement":[{"@type":"ListItem","position":1,"name":"Startseite","item":"https:\/\/www.esplanade-sb.de\/"},{"@type":"ListItem","position":2,"name":"Artikel von Carsten K. Rath"}]},{"@type":"WebSite","@id":"https:\/\/www.esplanade-sb.de\/#website","url":"https:\/\/www.esplanade-sb.de\/","name":"ESPLANADE Saarbr\u00fccken","description":"Boutique Hotel &amp; Zwei-Sterne-Restaurant","publisher":{"@id":"https:\/\/www.esplanade-sb.de\/#organization"},"potentialAction":[{"@type":"SearchAction","target":{"@type":"EntryPoint","urlTemplate":"https:\/\/www.esplanade-sb.de\/?s={search_term_string}"},"query-input":{"@type":"PropertyValueSpecification","valueRequired":true,"valueName":"search_term_string"}}],"inLanguage":"en-GB"},{"@type":"Organization","@id":"https:\/\/www.esplanade-sb.de\/#organization","name":"ESPLANADE Saarbr\u00fccken","url":"https:\/\/www.esplanade-sb.de\/","logo":{"@type":"ImageObject","inLanguage":"en-GB","@id":"https:\/\/www.esplanade-sb.de\/#\/schema\/logo\/image\/","url":"https:\/\/www.esplanade-sb.de\/wp-content\/uploads\/2021\/10\/hotel-esplanade-logo-rgb-website.svg","contentUrl":"https:\/\/www.esplanade-sb.de\/wp-content\/uploads\/2021\/10\/hotel-esplanade-logo-rgb-website.svg","width":599,"height":293,"caption":"ESPLANADE Saarbr\u00fccken"},"image":{"@id":"https:\/\/www.esplanade-sb.de\/#\/schema\/logo\/image\/"},"sameAs":["https:\/\/www.facebook.com\/ESPLANADEsaarbruecken","https:\/\/www.instagram.com\/esplanade.sb\/"]},{"@type":"Person","@id":"https:\/\/www.esplanade-sb.de\/#\/schema\/person\/f0f94265fa542ee29cf8e288318211f2","name":"es-admin","sameAs":["https:\/\/www.esplanade-sb.de"],"url":"https:\/\/www.esplanade-sb.de\/en\/author\/es-admin\/"}]}},"_links":{"self":[{"href":"https:\/\/www.esplanade-sb.de\/en\/wp-json\/wp\/v2\/posts\/20315","targetHints":{"allow":["GET"]}}],"collection":[{"href":"https:\/\/www.esplanade-sb.de\/en\/wp-json\/wp\/v2\/posts"}],"about":[{"href":"https:\/\/www.esplanade-sb.de\/en\/wp-json\/wp\/v2\/types\/post"}],"author":[{"embeddable":true,"href":"https:\/\/www.esplanade-sb.de\/en\/wp-json\/wp\/v2\/users\/2"}],"replies":[{"embeddable":true,"href":"https:\/\/www.esplanade-sb.de\/en\/wp-json\/wp\/v2\/comments?post=20315"}],"version-history":[{"count":3,"href":"https:\/\/www.esplanade-sb.de\/en\/wp-json\/wp\/v2\/posts\/20315\/revisions"}],"predecessor-version":[{"id":20319,"href":"https:\/\/www.esplanade-sb.de\/en\/wp-json\/wp\/v2\/posts\/20315\/revisions\/20319"}],"wp:attachment":[{"href":"https:\/\/www.esplanade-sb.de\/en\/wp-json\/wp\/v2\/media?parent=20315"}],"wp:term":[{"taxonomy":"category","embeddable":true,"href":"https:\/\/www.esplanade-sb.de\/en\/wp-json\/wp\/v2\/categories?post=20315"},{"taxonomy":"post_tag","embeddable":true,"href":"https:\/\/www.esplanade-sb.de\/en\/wp-json\/wp\/v2\/tags?post=20315"}],"curies":[{"name":"wp","href":"https:\/\/api.w.org\/{rel}","templated":true}]}}